{"id":10464,"date":"2025-11-05T09:22:09","date_gmt":"2025-11-05T09:22:09","guid":{"rendered":"https:\/\/vantys.es\/?p=10464"},"modified":"2026-02-17T09:09:05","modified_gmt":"2026-02-17T09:09:05","slug":"rapport-du-marche-immobilier-novembre-2025","status":"publish","type":"post","link":"https:\/\/vantys.es\/fr\/2025\/11\/05\/rapport-du-marche-immobilier-novembre-2025\/","title":{"rendered":"Rapport du march\u00e9 immobilier &#8211; Novembre 2025"},"content":{"rendered":"\n<p class=\"wp-block-paragraph\"><strong>VANTYS GROUP<\/strong> <\/p>\n\n\n\n<hr class=\"wp-block-separator has-alpha-channel-opacity\"\/>\n\n\n\n<h3 class=\"wp-block-heading\">O\u00f9 va l&rsquo;Espagne ?<\/h3>\n\n\n\n<ul class=\"wp-block-list\">\n<li>Des prix \u00e0 la hausse (+5,6 %) malgr\u00e9 la p\u00e9nurie d&rsquo;offre. <sup>6<\/sup><\/li>\n\n\n\n<li>Comportement mixte : moins de transactions (-1 %), mais des prix en hausse (+5,6 %).<\/li>\n\n\n\n<li>38 200 transactions en ao\u00fbt, prix moyen 1 730 \u20ac\/m\u00b2.<\/li>\n<\/ul>\n\n\n\n<hr class=\"wp-block-separator has-alpha-channel-opacity\"\/>\n\n\n\n<h3 class=\"wp-block-heading\">Appartements vs Maisons individuelles : Qu&rsquo;est-ce qui bouge le plus ?<\/h3>\n\n\n\n<ul class=\"wp-block-list\">\n<li>Appartements : -3,3 % de ventes, +8,1 % de prix (1 990 \u20ac\/m\u00b2)<\/li>\n\n\n\n<li>Maisons individuelles : +4,5 % de ventes, prix plus mod\u00e9r\u00e9s (1 310 \u20ac\/m\u00b2)<\/li>\n<\/ul>\n\n\n\n<hr class=\"wp-block-separator has-alpha-channel-opacity\"\/>\n\n\n\n<h3 class=\"wp-block-heading\">L&rsquo;int\u00e9r\u00eat \u00e9tranger continue de dynamiser le march\u00e9 du luxe en Espagne<\/h3>\n\n\n\n<ul class=\"wp-block-list\">\n<li>Les \u00e9trangers ach\u00e8tent 71 150 logements (+2 %), repr\u00e9sentant 19,3 % du total.<\/li>\n\n\n\n<li>Les acheteurs non-r\u00e9sidents paient en moyenne 3 126 \u20ac\/m\u00b2.<\/li>\n\n\n\n<li>Luxe : Les transactions >2,5 M\u20ac augmentent de 23,5 %, dont 67 % d&rsquo;acheteurs internationaux.<\/li>\n<\/ul>\n\n\n\n<hr class=\"wp-block-separator has-alpha-channel-opacity\"\/>\n\n\n\n<h3 class=\"wp-block-heading\">Focus R\u00e9gional &#8211; Les Points Chauds<\/h3>\n\n\n\n<p class=\"wp-block-paragraph\">Les Bal\u00e9ares en t\u00eate de la hausse des prix (+20 %). Le Nord gagne en attractivit\u00e9.<\/p>\n\n\n\n<ul class=\"wp-block-list\">\n<li><strong>Baleares:<\/strong> (+20%)<\/li>\n\n\n\n<li><strong>Canarias:<\/strong> (+14%)<\/li>\n\n\n\n<li>C. Valenciana: (+11%)<\/li>\n\n\n\n<li><strong>Madrid:<\/strong> (+10%)<\/li>\n\n\n\n<li><strong>Catalu\u00f1a:<\/strong> (+8%)<\/li>\n<\/ul>\n\n\n\n<p class=\"wp-block-paragraph\">Lugo et Pontevedra enregistrent des augmentations annuelles de 25 % gr\u00e2ce \u00e0 des prix plus bas.<\/p>\n\n\n\n<hr class=\"wp-block-separator has-alpha-channel-opacity\"\/>\n\n\n\n<h3 class=\"wp-block-heading\">L&rsquo;Espagne comme Refuge de Capital International<\/h3>\n\n\n\n<p class=\"wp-block-paragraph\">L&rsquo;Espagne enregistre son troisi\u00e8me meilleur r\u00e9sultat historique en investissement immobilier.<\/p>\n\n\n\n<ul class=\"wp-block-list\">\n<li>12,9 milliards \u20ac d&rsquo;investissement (+44 % par rapport \u00e0 2024).<\/li>\n\n\n\n<li>Madrid et Barcelone figurent parmi les 10 villes europ\u00e9ennes les plus attractives.<\/li>\n<\/ul>\n\n\n\n<hr class=\"wp-block-separator has-alpha-channel-opacity\"\/>\n\n\n\n<h3 class=\"wp-block-heading\">Pr\u00e9visions 2025<\/h3>\n\n\n\n<p class=\"wp-block-paragraph\">Entre 750 000 et 800 000 transactions de vente<\/p>\n\n\n\n<blockquote class=\"wp-block-quote is-layout-flow wp-block-quote-is-layout-flow\">\n<p class=\"wp-block-paragraph\">Le march\u00e9 reste en pleine effervescence !<\/p>\n<\/blockquote>\n\n\n\n<p class=\"wp-block-paragraph\"><\/p>\n","protected":false},"excerpt":{"rendered":"<p>VANTYS GROUP O\u00f9 va l&rsquo;Espagne ? Appartements vs Maisons individuelles : Qu&rsquo;est-ce qui bouge le plus ? L&rsquo;int\u00e9r\u00eat \u00e9tranger continue de dynamiser le march\u00e9 du luxe en Espagne Focus R\u00e9gional &#8211; Les Points Chauds Les Bal\u00e9ares en t\u00eate de la hausse des prix (+20 %). Le Nord gagne en attractivit\u00e9. Lugo et Pontevedra enregistrent des [&hellip;]<\/p>\n","protected":false},"author":1,"featured_media":9284,"comment_status":"open","ping_status":"closed","sticky":false,"template":"","format":"standard","meta":{"footnotes":""},"categories":[299],"tags":[],"class_list":["post-10464","post","type-post","status-publish","format-standard","has-post-thumbnail","hentry","category-rapports"],"meta_box":{"api-key":false,"map-lat":false,"map-lng":false,"map-zoom":false,"map-height":false,"map-style-source":false,"map-style-file":false,"map-style-json":false,"map-pins":[],"classes":false,"attributes":false,"small_title":false,"main_title":false,"central_links":[],"cards":[],"internal_video":false,"settings":false,"title":false,"items":[],"operation":false,"posts-per-page":false,"grid-layout":false,"listing-layout":false,"hide-pagination":false,"hide-sort":false,"sortby":false,"min-price":false,"max-price":false,"min-bedrooms":false,"max-bedrooms":false,"min-bathrooms":false,"max-bathrooms":false,"min-plot":false,"min-terrace":false,"min-built":false,"categories":false,"climate-controls":false,"conditions":false,"features":false,"furnitures":false,"gardens":false,"kitchens":false,"landing-pages":false,"locations":false,"orientations":false,"Parkings":false,"pools":false,"securities":false,"types":false,"views":false,"zones":[],"map_image":false,"selected_pages":false,"link_text":false,"link_url":false,"html-tag":false,"links":[],"image":false,"advanced":false,"image-settings":[],"background_image":false,"overlay_opacity":false,"subtitle":false,"button_text":false,"button_url":false,"members":[]},"_links":{"self":[{"href":"https:\/\/vantys.es\/fr\/wp-json\/wp\/v2\/posts\/10464","targetHints":{"allow":["GET"]}}],"collection":[{"href":"https:\/\/vantys.es\/fr\/wp-json\/wp\/v2\/posts"}],"about":[{"href":"https:\/\/vantys.es\/fr\/wp-json\/wp\/v2\/types\/post"}],"author":[{"embeddable":true,"href":"https:\/\/vantys.es\/fr\/wp-json\/wp\/v2\/users\/1"}],"replies":[{"embeddable":true,"href":"https:\/\/vantys.es\/fr\/wp-json\/wp\/v2\/comments?post=10464"}],"version-history":[{"count":5,"href":"https:\/\/vantys.es\/fr\/wp-json\/wp\/v2\/posts\/10464\/revisions"}],"predecessor-version":[{"id":10490,"href":"https:\/\/vantys.es\/fr\/wp-json\/wp\/v2\/posts\/10464\/revisions\/10490"}],"wp:featuredmedia":[{"embeddable":true,"href":"https:\/\/vantys.es\/fr\/wp-json\/wp\/v2\/media\/9284"}],"wp:attachment":[{"href":"https:\/\/vantys.es\/fr\/wp-json\/wp\/v2\/media?parent=10464"}],"wp:term":[{"taxonomy":"category","embeddable":true,"href":"https:\/\/vantys.es\/fr\/wp-json\/wp\/v2\/categories?post=10464"},{"taxonomy":"post_tag","embeddable":true,"href":"https:\/\/vantys.es\/fr\/wp-json\/wp\/v2\/tags?post=10464"}],"curies":[{"name":"wp","href":"https:\/\/api.w.org\/{rel}","templated":true}]}}